{"id":1976,"date":"2020-08-12T15:54:36","date_gmt":"2020-08-12T18:54:36","guid":{"rendered":"https:\/\/icc.fcen.uba.ar\/?p=1976"},"modified":"2021-09-17T12:31:19","modified_gmt":"2021-09-17T15:31:19","slug":"desafios-de-la-vinculacion-tecnologica-en-el-conicet","status":"publish","type":"post","link":"https:\/\/icc.fcen.uba.ar\/en\/desafios-de-la-vinculacion-tecnologica-en-el-conicet\/","title":{"rendered":"Desaf\u00edos de la vinculaci\u00f3n tecnol\u00f3gica en el CONICET"},"content":{"rendered":"<div class=\"fusion-fullwidth fullwidth-box fusion-builder-row-1 nonhundred-percent-fullwidth non-hundred-percent-height-scrolling\" style=\"--awb-border-radius-top-left:0px;--awb-border-radius-top-right:0px;--awb-border-radius-bottom-right:0px;--awb-border-radius-bottom-left:0px;--awb-flex-wrap:wrap;\" ><div class=\"fusion-builder-row fusion-row\"><div class=\"fusion-layout-column fusion_builder_column fusion-builder-column-0 fusion_builder_column_1_1 1_1 fusion-one-full fusion-column-first fusion-column-last\" style=\"--awb-bg-size:cover;\"><div class=\"fusion-column-wrapper fusion-flex-column-wrapper-legacy\"><div class=\"fusion-text fusion-text-1\"><p><b><span style=\"font-weight: 400;\">Sergio Romano, Investigador en formaci\u00f3n del ICC y Licenciado en Ciencias de la Computaci\u00f3n (Exactas-UBA), fue recientemente designado <\/span><b>Gerente de Vinculaci\u00f3n Tecnol\u00f3gica del Consejo Nacional de Investigaciones Cient\u00edficas y T\u00e9cnicas (CONICET)<\/b><span style=\"font-weight: 400;\">. Forma parte del Laboratorio de Inteligencia Artificial Aplicada y del Laboratorio de Neurociencia Integrativa, \u00e1mbitos donde est\u00e1 finalizando su doctorado. Trabaj\u00f3 en distintos proyectos comerciales de la industria del software y colabor\u00f3 anteriormente en gesti\u00f3n p\u00fablica. A fines del a\u00f1o 2017, visit\u00f3 durante tres meses el Laboratorio de Ciencia Cognitiva Computacional de Josh Tenenbaum en el MIT para profundizar su conocimiento sobre los avances recientes en modelado cognitivo. En el a\u00f1o 2018, le otorgaron el premio Facebook Emerging Scholar Award.\u00a0<\/span><\/b><\/p>\n<p><span style=\"font-weight: 400;\">En di\u00e1logo con<\/span><a href=\"https:\/\/sergioromano.com.ar\/\"> <span style=\"font-weight: 400;\">Romano<\/span><\/a><span style=\"font-weight: 400;\">, conversamos sobre los problemas y desaf\u00edos actuales en pos de vincular al sector cient\u00edfico-tecnol\u00f3gico con el sector productivo mediante pol\u00edticas p\u00fablicas.<\/span><\/p>\n<p><b>\u00bfC<\/b><b>\u00f3mo fue asumir la Gerencia de Vinculaci\u00f3n Tecnol\u00f3gica del CONICET en medio de la Pandemia y qu\u00e9 te atrajo de esta propuesta, muy distinta a tu actividad habitual en el \u00e1mbito acad\u00e9mico?<\/b><\/p>\n<div id=\"attachment_1977\" style=\"width: 263px\"  class=\"wp-caption alignleft\"><img decoding=\"async\" class=\"lazyload wp-image-1977\" src=\"https:\/\/icc.fcen.uba.ar\/wp-content\/uploads\/2020\/08\/Sergio-Romano-OK-300x300.jpg\" data-orig-src=\"https:\/\/icc.fcen.uba.ar\/wp-content\/uploads\/2020\/08\/Sergio-Romano-OK-300x300.jpg\" alt=\"\" width=\"253\" height=\"253\" srcset=\"data:image\/svg+xml,%3Csvg%20xmlns%3D%27http%3A%2F%2Fwww.w3.org%2F2000%2Fsvg%27%20width%3D%27253%27%20height%3D%27253%27%20viewBox%3D%270%200%20253%20253%27%3E%3Crect%20width%3D%27253%27%20height%3D%27253%27%20fill-opacity%3D%220%22%2F%3E%3C%2Fsvg%3E\" data-srcset=\"https:\/\/icc.fcen.uba.ar\/wp-content\/uploads\/2020\/08\/Sergio-Romano-OK-66x66.jpg 66w, https:\/\/icc.fcen.uba.ar\/wp-content\/uploads\/2020\/08\/Sergio-Romano-OK-150x150.jpg 150w, https:\/\/icc.fcen.uba.ar\/wp-content\/uploads\/2020\/08\/Sergio-Romano-OK-200x200.jpg 200w, https:\/\/icc.fcen.uba.ar\/wp-content\/uploads\/2020\/08\/Sergio-Romano-OK-300x300.jpg 300w, https:\/\/icc.fcen.uba.ar\/wp-content\/uploads\/2020\/08\/Sergio-Romano-OK-400x400.jpg 400w, https:\/\/icc.fcen.uba.ar\/wp-content\/uploads\/2020\/08\/Sergio-Romano-OK-600x600.jpg 600w, https:\/\/icc.fcen.uba.ar\/wp-content\/uploads\/2020\/08\/Sergio-Romano-OK-768x768.jpg 768w, https:\/\/icc.fcen.uba.ar\/wp-content\/uploads\/2020\/08\/Sergio-Romano-OK-800x800.jpg 800w, https:\/\/icc.fcen.uba.ar\/wp-content\/uploads\/2020\/08\/Sergio-Romano-OK.jpg 970w\" data-sizes=\"auto\" data-orig-sizes=\"(max-width: 253px) 100vw, 253px\" \/><p class=\"wp-caption-text\">Sergio Romano<\/p><\/div>\n<p><span style=\"font-weight: 400;\">Cuando Ana Franchi asumi\u00f3 la Presidencia de CONICET y el Gerente de vinculaci\u00f3n anterior renunci\u00f3, surgi\u00f3 una posibilidad, quedando vacante esta gerencia. Claramente la <\/span><a href=\"https:\/\/vinculacion.conicet.gov.ar\/gerencia-de-vinculacion-tecnologica\/\"><span style=\"font-weight: 400;\">Gerencia de Vinculaci\u00f3n Tecnol\u00f3gica<\/span><\/a><span style=\"font-weight: 400;\"> resum\u00eda las 3 l\u00edneas que a m\u00ed me apasionan: estar en el Estado en gesti\u00f3n p\u00fablica, el \u00e1mbito cient\u00edfico y de la academia y el sector productivo con el relacionamiento hacia las empresas.<\/span><\/p>\n<p><span style=\"font-weight: 400;\">Es cierto que asum\u00ed el cargo el 1 de mayo en medio del Coronavirus. Eso implic\u00f3 que a todo el equipo lo conozco a distancia, adem\u00e1s en este momento el sistema cient\u00edfico est\u00e1 dando muchas respuestas ante las necesidades del sistema sanitario, nuestra \u00e1rea debe dar un soporte concreto (desde el desarrollo de los kits hasta las licencias de investigaci\u00f3n y desarrollo). Todo el sistema cient\u00edfico se involucr\u00f3, lo cual para nosotros es un aprendizaje muy grande, que esperamos poder replicar para otros grandes problemas pospandemia, como el problema del hambre y del empleo en la Argentina.<\/span><\/p>\n<p><b>\u00bfQu\u00e9 proyectos destacados tienen en la Gerencia de Vinculaci\u00f3n Tecnol\u00f3gica, sobre todo en el v\u00ednculo con las empresas?<\/b><\/p>\n<p><span style=\"font-weight: 400;\">La gerencia de Vinculaci\u00f3n Tecnol\u00f3gica trata de articular al Estado y sus distintos organismos y niveles, a las distintas industrias y c\u00e1maras empresariales y tambi\u00e9n al sector cient\u00edfico compuesto por investigadores. Cuando se presenta un problema tecnol\u00f3gico o la oportunidad de innovar, all\u00ed estamos nosotros para brindar asesoramiento y nuevas capacidades a nivel nacional. Estando convencidos de que el sistema de CyT es el eje fundamental de desarrollo del pa\u00eds.<\/span><\/p>\n<p><span style=\"font-weight: 400;\">En cuanto a iniciativas, estamos hablando con el banco Credicoop para obtener cr\u00e9ditos con el fin de que las empresas que se relacionan con el CONICET puedan tomar un cr\u00e9dito a tasa baja y con a\u00f1os de gracia para proyectos de investigaci\u00f3n y desarrollo. Buscamos que haya una sinergia entre el sector financiero y las empresas privadas para potenciar estas actividades.<\/span><\/p>\n<p><span style=\"font-weight: 400;\">Tambi\u00e9n se est\u00e1 pensando en c\u00f3mo seguir mejorando el di\u00e1logo entre investigadores y empresarios. Incluso se est\u00e1 evaluando un programa voluntario de pasant\u00edas de verano para que becarios del Consejo puedan hacer sus aportes al sector privado o al de la administraci\u00f3n p\u00fablica, con el objetivo de mejorar la din\u00e1mica entre estos sectores.<\/span><\/p>\n<p><span style=\"font-weight: 400;\">Es importante recalcar que el CONICET tiene much\u00edsimo servicio tecnol\u00f3gico de alto nivel que est\u00e1 a disposici\u00f3n de empresas que requieran este tipo de conocimiento o capacidades que no puedan ser resueltas por las propias empresas. A veces se desconoce que nosotros tambi\u00e9n proveemos servicios a la industria, que brindamos mecanismos \u00e1giles y flexibles para que eso sea posible. Algunas industrias que conocen estos servicios, los aprovechan y se potencian, queremos que m\u00e1s industrias lo hagan. Nuestro objetivo, en definitiva, es fomentar el desarrollo de la industria nacional con preferencia en la peque\u00f1a y mediana empresa y construir una pol\u00edtica p\u00fablica como resultado de este proceso.<\/span><\/p>\n<p><b>\u00bfC\u00f3mo es la articulaci\u00f3n federal de los programas de vinculaci\u00f3n tecnol\u00f3gica y qu\u00e9 trabajo est\u00e1n haciendo para aceitar el mecanismo que interrelaciona a la red nacional compuesta por esas 17 oficinas en todo el pa\u00eds?<\/b><\/p>\n<p><span style=\"font-weight: 400;\">La verdad que cuando llegamos encontramos una gerencia muy golpeada, fragmentada, ya que se hab\u00eda perdido el ida y vuelta con el territorio de las provincias. Un primer desaf\u00edo fue, entonces, reconstruir ese v\u00ednculo con las oficinas de todo el pa\u00eds, porque las oficinas de vinculaci\u00f3n tecnol\u00f3gica son un actor central para poner en valor la pol\u00edtica cient\u00edfica en cada una de las regiones o provincias. Queremos que sean actores de la discusi\u00f3n del sistema cient\u00edfico y del sistema productivo de las provincias, que est\u00e9n ah\u00ed presentes para relevar la demanda, poner en discusi\u00f3n qu\u00e9 es lo que el sistema cient\u00edfico puede aportar y tratar de traducir los desaf\u00edos del sistema productivo y del Estado, en un problema cient\u00edfico o en una pol\u00edtica cient\u00edfica federal. Cada 15 d\u00edas venimos haciendo una reuni\u00f3n virtual con cada oficina de vinculaci\u00f3n tecnol\u00f3gica pero hablamos todos los d\u00edas para tratar de articular las pol\u00edticas.<\/span><\/p>\n<p><b>Com\u00fanmente cuando se habla de vinculaci\u00f3n tecnol\u00f3gica se hace alusi\u00f3n al tri\u00e1ngulo de Jorge Sabato, Estado-Sector CyT-Sector Productivo. \u00bfEste tri\u00e1ngulo es una mirada ideal sobre la vinculaci\u00f3n tecnol\u00f3gica o es factible llevarlo a cabo?<\/b><\/p>\n<p><span style=\"font-weight: 400;\">Creo que no es ideal, sino que efectivamente sucede. Lo que s\u00ed tal vez es ideal es esta divisi\u00f3n de tareas, porque en la pr\u00e1ctica la gran cantidad de proyectos que se logran desarrollar com\u00fanmente con una soluci\u00f3n real incluye a esos tres actores, pero a veces son m\u00e1s difusos los l\u00edmites y el lugar que ocupa cada uno. Podemos tener investigadores que empiezan trabajando en un lugar acad\u00e9mico pero paulatinamente ayudan a desarrollar tecnolog\u00eda y se convierten en emprendedores o empresarios, hoy realmente no sabemos en qu\u00e9 lugar a nivel de pertenencia o identidad est\u00e1 cada uno, si son investigadores o empresarios. En todo caso hay que ayudarlos a tomar la decisi\u00f3n. Lo que sucede es que la normativa o las herramientas del Consejo no est\u00e1n tan adaptadas a esta situaci\u00f3n. Es un buen desaf\u00edo. Y a veces\u00a0 tambi\u00e9n surgen empresarios que apuestan a la investigaci\u00f3n y al desarrollo y crean fondos destinados a esas actividades.<\/span><\/p>\n<p><span style=\"font-weight: 400;\">Lo mismo para el Estado que puede generar esa demanda de soluciones o puede formar parte con una empresa. Cito dos ejemplos: Y-TEC y LA.TE.ANDES. Y-TEC es mitad de CONICET y mitad de YPF, e impulsa desde el sector productivo la energ\u00eda y la innovaci\u00f3n. En el caso de LA.TE.ANDES, es una empresa mixta privado-p\u00fablica (GEOMAP-CONICET) consistente en un n\u00facleo tecnol\u00f3gico productivo de innovaci\u00f3n para la valoraci\u00f3n de georecursos, con un laboratorio de termocronolog\u00eda de alt\u00edsimo nivel internacional que brinda servicios a la industria petroqu\u00edmica y minera.<\/span><\/p>\n<p><b>Recientemente el presidente de la Agencia I+D+i, Fernando Peirano, coment\u00f3 que en la Argentina hubo durante los \u00faltimos 20 a\u00f1os en promedio unas 600.000 empresas; que de ellas, 6000 hacen innovaci\u00f3n, 600 hacen algo de investigaci\u00f3n y 60 explican el 80% de la I+D en el sector privado. \u00bfC\u00f3mo ves esta necesidad de que m\u00e1s empresas inviertan en investigaci\u00f3n y desarrollo, teniendo en cuenta el avance de empresas p\u00fablicas en Argentina?<\/b><\/p>\n<p><span style=\"font-weight: 400;\">Lo que sucede en Argentina es que el Estado es el mayor inversor para investigaci\u00f3n y desarrollo. Por nuestro lado ya hemos incentivado al sector privado a que haga lo mismo, que contraten investigadores y que impulsen estas actividades. Pero tambi\u00e9n es verdad que tenemos muchas empresas p\u00fablicas que no invierten en I+D.<\/span><\/p>\n<p><span style=\"font-weight: 400;\">Debemos tener una mirada flexible: una empresa de base tecnol\u00f3gica puede existir en cualquier formato. Por ello recientemente hemos modificado un decreto que en su momento permit\u00eda al CONICET solo tener el 49% de capital accionario en una empresa (Ley de Ciencia y Tecnolog\u00eda 25.467). A partir de ahora el Consejo puede tener el capital que sea conveniente, aumentando la participaci\u00f3n del Estado en empresas de base tecnol\u00f3gica. No es que se necesite m\u00e1s o menos sino que cada caso particular hay que pensarlo y analizarlo.<\/span><\/p>\n<p><span style=\"font-weight: 400;\">Como pa\u00eds contamos con muchas empresas exitosas, no s\u00f3lo Y-TEC sino INVAP o ARSAT, son ejemplos de empresas p\u00fablicas de base tecnol\u00f3gica. Pero tambi\u00e9n tenemos casos de empresas p\u00fablicas con mucho capital a las que no le hemos pedido que invierta en investigaci\u00f3n y desarrollo, como por ejemplo Fabricaciones Militares (FM). En su momento, FM fue la empresa que gener\u00f3 la industria metalmec\u00e1nica en Argentina pero con el tiempo fue perdiendo inversi\u00f3n en este sentido. Tambi\u00e9n queremos potenciar la inversi\u00f3n p\u00fablica en empresas como Yacimientos Carbon\u00edferos R\u00edo Turbio o AYSA.<\/span><\/p>\n<p><span style=\"font-weight: 400;\">Otro ejemplo muy claro: la BBC tiene dos laboratorios con 200 investigadores y es una empresa de comunicaciones. Radio y Televisi\u00f3n Argentina (TV P\u00fablica), no tiene un equipo de investigaci\u00f3n en su interior pero podr\u00eda tenerlo.<\/span><\/p>\n<p><span style=\"font-weight: 400;\">Si bien hay investigadores de CONICET dispersos en distintas empresas, es distinto planificar un objetivo sistem\u00e1tico donde las empresas estatales tengan estructuralmente estas \u00e1reas de I+D en el mediano y largo plazo, tanto para empresas nacionales como provinciales y municipales.<\/span><\/p>\n<p><b>En tu caso sos joven, ten\u00e9s 33 a\u00f1os. \u00bfC\u00f3mo ves el hecho de que se vaya sumando m\u00e1s gente joven a la gesti\u00f3n p\u00fablica de la ciencia y la tecnolog\u00eda, teniendo en cuenta el dinamismo que requiere?<\/b><\/p>\n<p><span style=\"font-weight: 400;\">Es muy positivo. En varios organismos de Argentina se empieza a pensar un Estado mejor posicionado que adquiere relevancia en los cargos de conducci\u00f3n, se cruzan generaciones con distintas ideas, con distinto \u00edmpetu que va tratando de articular una sinergia distinta con otro tipo de recorrido profesional. En mi caso que vengo del mundo de la Computaci\u00f3n, de las <\/span><i><span style=\"font-weight: 400;\">startups<\/span><\/i><span style=\"font-weight: 400;\"> y los emprendimientos en la industria, estoy acostumbrado a desarrollos \u00e1giles y a ser muy operativo. Considero al CONICET como la acumulaci\u00f3n de diferentes generaciones que han dado ciertas discusiones esenciales en base a la ciencia y la tecnolog\u00eda. Y necesitamos que m\u00e1s y m\u00e1s investigadores se acerquen a la gesti\u00f3n p\u00fablica, que participen y se animen a hacerlo. Lo digo porque no s\u00f3lo se necesita producir conocimiento de valor agregado sino tambi\u00e9n plasmarlo en dise\u00f1os institucionales que permanezcan a futuro, independientemente de las personas que en ese momento ocupen los cargos p\u00fablicos.<\/span><\/p>\n<p><b>Por \u00faltimo, \u00bfest\u00e1 en tus planes terminar el doctorado, te queda tiempo suficiente?<\/b><\/p>\n<p><span style=\"font-weight: 400;\">S\u00ed, ya tengo todos los resultados del trabajo cient\u00edfico, me falta escribir la Tesis. Planeo finalizarlo en marzo de 2021. Claro que est\u00e1 costando por la carga de trabajo ya que todos los d\u00edas comenzamos la gesti\u00f3n a las 8 de la ma\u00f1ana y finalizamos a las 9 de la noche. No hacemos otra cosa que gestionar. En alg\u00fan momento seguro me pondr\u00e9 al d\u00eda.<\/span><\/p>\n<\/div><div class=\"fusion-clearfix\"><\/div><\/div><\/div><\/div><\/div>\n","protected":false},"excerpt":{"rendered":"<p>Sergio Romano, Investigador en formaci\u00f3n del ICC y Licenciado en Ciencias de la Computaci\u00f3n (Exactas-UBA), fue recientemente designado Gerente de Vinculaci\u00f3n Tecnol\u00f3gica del Consejo Nacional de Investigaciones Cient\u00edficas y T\u00e9cnicas (CONICET). Forma parte del Laboratorio de Inteligencia Artificial Aplicada y del Laboratorio de Neurociencia Integrativa, \u00e1mbitos donde est\u00e1 finalizando su doctorado.<\/p>\n","protected":false},"author":9,"featured_media":1978,"comment_status":"open","ping_status":"open","sticky":false,"template":"","format":"standard","meta":{"footnotes":""},"categories":[71,12,69],"tags":[],"class_list":["post-1976","post","type-post","status-publish","format-standard","has-post-thumbnail","hentry","category-actualidad","category-noticias","category-vinculacion"],"_links":{"self":[{"href":"https:\/\/icc.fcen.uba.ar\/en\/wp-json\/wp\/v2\/posts\/1976","targetHints":{"allow":["GET"]}}],"collection":[{"href":"https:\/\/icc.fcen.uba.ar\/en\/wp-json\/wp\/v2\/posts"}],"about":[{"href":"https:\/\/icc.fcen.uba.ar\/en\/wp-json\/wp\/v2\/types\/post"}],"author":[{"embeddable":true,"href":"https:\/\/icc.fcen.uba.ar\/en\/wp-json\/wp\/v2\/users\/9"}],"replies":[{"embeddable":true,"href":"https:\/\/icc.fcen.uba.ar\/en\/wp-json\/wp\/v2\/comments?post=1976"}],"version-history":[{"count":4,"href":"https:\/\/icc.fcen.uba.ar\/en\/wp-json\/wp\/v2\/posts\/1976\/revisions"}],"predecessor-version":[{"id":2144,"href":"https:\/\/icc.fcen.uba.ar\/en\/wp-json\/wp\/v2\/posts\/1976\/revisions\/2144"}],"wp:featuredmedia":[{"embeddable":true,"href":"https:\/\/icc.fcen.uba.ar\/en\/wp-json\/wp\/v2\/media\/1978"}],"wp:attachment":[{"href":"https:\/\/icc.fcen.uba.ar\/en\/wp-json\/wp\/v2\/media?parent=1976"}],"wp:term":[{"taxonomy":"category","embeddable":true,"href":"https:\/\/icc.fcen.uba.ar\/en\/wp-json\/wp\/v2\/categories?post=1976"},{"taxonomy":"post_tag","embeddable":true,"href":"https:\/\/icc.fcen.uba.ar\/en\/wp-json\/wp\/v2\/tags?post=1976"}],"curies":[{"name":"wp","href":"https:\/\/api.w.org\/{rel}","templated":true}]}}