{"id":1868,"date":"2020-05-29T15:01:26","date_gmt":"2020-05-29T18:01:26","guid":{"rendered":"https:\/\/icc.fcen.uba.ar\/?p=1868"},"modified":"2020-05-29T15:02:36","modified_gmt":"2020-05-29T18:02:36","slug":"acuerdo-con-marcos-paz-en-el-marco-de-la-pandemia","status":"publish","type":"post","link":"https:\/\/icc.fcen.uba.ar\/en\/acuerdo-con-marcos-paz-en-el-marco-de-la-pandemia\/","title":{"rendered":"Acuerdo con Marcos Paz en el marco de la pandemia"},"content":{"rendered":"<div class=\"fusion-fullwidth fullwidth-box fusion-builder-row-1 nonhundred-percent-fullwidth non-hundred-percent-height-scrolling\" style=\"--awb-border-radius-top-left:0px;--awb-border-radius-top-right:0px;--awb-border-radius-bottom-right:0px;--awb-border-radius-bottom-left:0px;--awb-flex-wrap:wrap;\" ><div class=\"fusion-builder-row fusion-row\"><div class=\"fusion-layout-column fusion_builder_column fusion-builder-column-0 fusion_builder_column_1_1 1_1 fusion-one-full fusion-column-first fusion-column-last\" style=\"--awb-bg-size:cover;\"><div class=\"fusion-column-wrapper fusion-flex-column-wrapper-legacy\"><div class=\"fusion-text fusion-text-1\"><p>La Facultad de Ciencias Exactas y Naturales de la UBA firm\u00f3 un Acuerdo de Cooperaci\u00f3n Interinstitucional con la Municipalidad de Marcos Paz.<\/p>\n<p>De la firma del acta acuerdo participaron el Decano de Exactas, el Director del IC Guillermo Dur\u00e1n, el vice Director del ICC Diego Garbervetsky y el Secretario de Investigaci\u00f3n del DC\/ICC Rodrigo Castro.<\/p>\n<p>El acuerdo se produce en el marco de la pandemia del COVID-19 y su prop\u00f3sito es desarrollar herramientas matem\u00e1tico-computacionales para afrontar mejor esta nueva etapa de \u201capertura controlada\u201d del aislamiento social, preventivo y obligatorio de dicho Municipio.<\/p>\n<p>Los puntos clave del acuerdo son:<\/p>\n<p>i) identificar indicadores confiables para registrar la evoluci\u00f3n de la pandemia a nivel local de cada municipio, teniendo en cuenta datos epidemiol\u00f3gicos, socio-ambientales y socio-demogr\u00e1ficos.<\/p>\n<p>ii) formalizar la conectividad entre los distintos municipios, en base a datos de movilidad de las personas, haciendo foco en el impacto que podr\u00e1n tener las decisiones tomadas localmente en un municipio\/regi\u00f3n sobre otros municipios\/regiones en funci\u00f3n de su conectividad.<\/p>\n<p>El trabajo se llevar\u00e1 a cabo mediante colaboraciones entre grupos del IC y el ICC.<\/p>\n<p>En particular el ICC contribuye con el c\u00e1lculo de indicadores y el desarrollo de plataformas de simulaci\u00f3n para analizar m\u00faltiples escenarios de evoluci\u00f3n de la pandemia en el municipio y poder proyectar posibles efectos de diferentes pol\u00edticas p\u00fablicas. Estas actividades ser\u00e1n desarrolladas en el Laboratorio de Simulaci\u00f3n de Eventos Discretos del DC\/ICC bajo la coordinaci\u00f3n de Rodrigo Castro.<\/p>\n<p>M\u00e1s informaci\u00f3n:<br \/>\nNota de la Facultad de Ciencias Exactas y Naturales<br \/>\n<a href=\"https:\/\/exactas.uba.ar\/un-acuerdo-con-marcos-paz\/\" target=\"_blank\" rel=\"noopener noreferrer\">https:\/\/exactas.uba.ar\/un-acuerdo-con-marcos-paz\/<\/a><br \/>\nNota del Instituto de C\u00e1lculo<br \/>\n<a href=\"http:\/\/www.ic.fcen.uba.ar\/noticias\/acuerdo-de-cooperacion-entre-la-fcen-y-la-municipalidad-de-marcos-paz\" target=\"_blank\" rel=\"noopener noreferrer\">http:\/\/www.ic.fcen.uba.ar\/noticias\/acuerdo-de-cooperacion-entre-la-fcen-y-la-municipalidad-de-marcos-paz<\/a><\/p>\n<\/div><div class=\"fusion-clearfix\"><\/div><\/div><\/div><\/div><\/div>\n","protected":false},"excerpt":{"rendered":"<p>De la firma del acta acuerdo participaron el Decano de Exactas, el Director del IC Guillermo Dur\u00e1n, el vice Director del ICC Diego Garbervetsky y el Secretario de Investigaci\u00f3n del DC\/ICC Rodrigo Castro.<\/p>\n","protected":false},"author":9,"featured_media":1870,"comment_status":"open","ping_status":"open","sticky":false,"template":"","format":"standard","meta":{"footnotes":""},"categories":[71,12,69],"tags":[],"class_list":["post-1868","post","type-post","status-publish","format-standard","has-post-thumbnail","hentry","category-actualidad","category-noticias","category-vinculacion"],"_links":{"self":[{"href":"https:\/\/icc.fcen.uba.ar\/en\/wp-json\/wp\/v2\/posts\/1868","targetHints":{"allow":["GET"]}}],"collection":[{"href":"https:\/\/icc.fcen.uba.ar\/en\/wp-json\/wp\/v2\/posts"}],"about":[{"href":"https:\/\/icc.fcen.uba.ar\/en\/wp-json\/wp\/v2\/types\/post"}],"author":[{"embeddable":true,"href":"https:\/\/icc.fcen.uba.ar\/en\/wp-json\/wp\/v2\/users\/9"}],"replies":[{"embeddable":true,"href":"https:\/\/icc.fcen.uba.ar\/en\/wp-json\/wp\/v2\/comments?post=1868"}],"version-history":[{"count":2,"href":"https:\/\/icc.fcen.uba.ar\/en\/wp-json\/wp\/v2\/posts\/1868\/revisions"}],"predecessor-version":[{"id":1871,"href":"https:\/\/icc.fcen.uba.ar\/en\/wp-json\/wp\/v2\/posts\/1868\/revisions\/1871"}],"wp:featuredmedia":[{"embeddable":true,"href":"https:\/\/icc.fcen.uba.ar\/en\/wp-json\/wp\/v2\/media\/1870"}],"wp:attachment":[{"href":"https:\/\/icc.fcen.uba.ar\/en\/wp-json\/wp\/v2\/media?parent=1868"}],"wp:term":[{"taxonomy":"category","embeddable":true,"href":"https:\/\/icc.fcen.uba.ar\/en\/wp-json\/wp\/v2\/categories?post=1868"},{"taxonomy":"post_tag","embeddable":true,"href":"https:\/\/icc.fcen.uba.ar\/en\/wp-json\/wp\/v2\/tags?post=1868"}],"curies":[{"name":"wp","href":"https:\/\/api.w.org\/{rel}","templated":true}]}}