{"id":1852,"date":"2020-05-08T11:59:59","date_gmt":"2020-05-08T14:59:59","guid":{"rendered":"https:\/\/icc.fcen.uba.ar\/?p=1852"},"modified":"2020-06-22T10:18:19","modified_gmt":"2020-06-22T13:18:19","slug":"modelado-y-simulacion-para-proyeccion-de-escenarios-de-covid-19","status":"publish","type":"post","link":"https:\/\/icc.fcen.uba.ar\/en\/modelado-y-simulacion-para-proyeccion-de-escenarios-de-covid-19\/","title":{"rendered":"Modelado y simulaci\u00f3n para proyecci\u00f3n de escenarios de COVID-19"},"content":{"rendered":"<div class=\"fusion-fullwidth fullwidth-box fusion-builder-row-1 nonhundred-percent-fullwidth non-hundred-percent-height-scrolling\" style=\"--awb-border-radius-top-left:0px;--awb-border-radius-top-right:0px;--awb-border-radius-bottom-right:0px;--awb-border-radius-bottom-left:0px;--awb-flex-wrap:wrap;\" ><div class=\"fusion-builder-row fusion-row\"><div class=\"fusion-layout-column fusion_builder_column fusion-builder-column-0 fusion_builder_column_1_1 1_1 fusion-one-full fusion-column-first fusion-column-last\" style=\"--awb-bg-size:cover;\"><div class=\"fusion-column-wrapper fusion-flex-column-wrapper-legacy\"><div class=\"fusion-text fusion-text-1\"><p><b>Un proyecto de investigadores del ICC fue seleccionado para su financiamiento a trav\u00e9s de una convocatoria de la Agencia de Promoci\u00f3n de la Investigaci\u00f3n, el Desarrollo Tecnol\u00f3gico y la Innovaci\u00f3n. El proyecto est\u00e1 coordinado por Rodrigo Castro (Director del Laboratorio de Simulaci\u00f3n de Eventos Discretos) y refiere al uso de herramientas de simulaci\u00f3n computacional para proyectar tendencias y predecir escenarios de intervenci\u00f3n en el contexto de la pandemia de COVID-19.<\/b><\/p>\n<p><span style=\"font-weight: 400;\">La Agencia de Promoci\u00f3n de la Investigaci\u00f3n, el Desarrollo Tecnol\u00f3gico y la Innovaci\u00f3n (Agencia I+D+i) lanz\u00f3 un concurso extraordinario en el marco de la Unidad Coronavirus Covid 19, un dispositivo de coordinaci\u00f3n impulsado por el Ministerio de Ciencia, Tecnolog\u00eda e Innovaci\u00f3n. A partir del llamado, se recibieron m\u00e1s de 900 propuestas de todo el pa\u00eds que fueron evaluadas por 26 referentes acad\u00e9micos nacionales. Finalmente fueron elegidas 64 propuestas, entre las que se encuentra un proyecto de investigadores del ICC. Seg\u00fan inform\u00f3 la Agencia, cada una de las iniciativas recibir\u00e1 un m\u00e1ximo de 100 mil d\u00f3lares para financiar su investigaci\u00f3n (<\/span><a href=\"http:\/\/www.agencia.mincyt.gob.ar\/upload\/3%20-IP%20COVID%2019%20-%20SELECCIONADOS.pdf\" target=\"blank\" rel=\"noopener noreferrer\"><span style=\"font-weight: 400;\">ver resultados<\/span><\/a><span style=\"font-weight: 400;\">).<\/span><\/p>\n<p><span style=\"font-weight: 400;\">El objetivo del proyecto, que se realiza en el <\/span><a href=\"https:\/\/modsimu.exp.dc.uba.ar\/\" target=\"blank\" rel=\"noopener noreferrer\"><b>Laboratorio de Simulaci\u00f3n de Eventos Discretos<\/b><\/a><span style=\"font-weight: 400;\"> del ICC, es producir proyecciones en el corto, mediano y largo plazo de la cantidad de personas cursando los diferentes estad\u00edos de la enfermedad COVID-19, incluyendo su demanda hospitalaria, y distinguiendo por cohortes, situaci\u00f3n social y actividad econ\u00f3mica.\u00a0<\/span><\/p>\n<p><span style=\"font-weight: 400;\">\u201c<\/span><i><span style=\"font-weight: 400;\">Apuntamos a poder ayudar a responder preguntas del tipo \u00bfCu\u00e1les son las posibles medidas de intervenci\u00f3n p\u00fablica que logren balances \u00f3ptimos entre un uso eficiente del Sistema de Salud y un impacto socioecon\u00f3mico tolerable derivado de las medidas de aislamiento?<\/span><\/i><span style=\"font-weight: 400;\">\u201d, puntualiza <\/span><b>Rodrigo Castro<\/b><span style=\"font-weight: 400;\">, coordinador del proyecto, quien adem\u00e1s es profesor del Departamento de Computaci\u00f3n en Exactas-UBA. En este aspecto aclara que con este prop\u00f3sito buscar\u00e1n generar escenarios hipot\u00e9ticos, \u201c<\/span><i><span style=\"font-weight: 400;\">simulando la evoluci\u00f3n actual de la epidemia y su proyecci\u00f3n de mantenerse las medidas actuales como tambi\u00e9n su evoluci\u00f3n ante posibles intervenciones que respondan a diversas pol\u00edticas p\u00fablicas, como por ejemplo distintas modalidades de aislamiento aplicados durante diferentes ventanas temporales<\/span><\/i><span style=\"font-weight: 400;\">\u201d.<\/span><\/p>\n<p><span style=\"font-weight: 400;\">Para lograr este tipo de simulaciones, los investigadores est\u00e1n avanzando hacia el desarrollo de una plataforma flexible de modelado y simulaci\u00f3n, utilizando herramientas \u201camigables\u201d de visualizaci\u00f3n de manera que puedan ser utilizadas en tiempo real por equipos t\u00e9cnicos de las \u00e1reas del Sistema de Salud de las administraciones p\u00fablicas (desde el \u00e1mbito nacional y provincial hasta los municipios). Los modelos contemplados se ajustar\u00e1n frecuentemente, automatizando la actualizaci\u00f3n de posibles escenarios futuros a medida que se incorpora nueva evidencia, y facilitando la incorporaci\u00f3n de nuevos escenarios hipot\u00e9ticos.\u00a0\u00a0<\/span><\/p>\n<p><span style=\"font-weight: 400;\"><img decoding=\"async\" class=\"lazyload  wp-image-1853 alignnone\" src=\"https:\/\/icc.fcen.uba.ar\/wp-content\/uploads\/2020\/05\/AislamientosIntermitentes-300x141.png\" data-orig-src=\"https:\/\/icc.fcen.uba.ar\/wp-content\/uploads\/2020\/05\/AislamientosIntermitentes-300x141.png\" alt=\"\" width=\"474\" height=\"223\" srcset=\"data:image\/svg+xml,%3Csvg%20xmlns%3D%27http%3A%2F%2Fwww.w3.org%2F2000%2Fsvg%27%20width%3D%27474%27%20height%3D%27223%27%20viewBox%3D%270%200%20474%20223%27%3E%3Crect%20width%3D%27474%27%20height%3D%27223%27%20fill-opacity%3D%220%22%2F%3E%3C%2Fsvg%3E\" data-srcset=\"https:\/\/icc.fcen.uba.ar\/wp-content\/uploads\/2020\/05\/AislamientosIntermitentes-200x94.png 200w, https:\/\/icc.fcen.uba.ar\/wp-content\/uploads\/2020\/05\/AislamientosIntermitentes-300x141.png 300w, https:\/\/icc.fcen.uba.ar\/wp-content\/uploads\/2020\/05\/AislamientosIntermitentes-400x188.png 400w, https:\/\/icc.fcen.uba.ar\/wp-content\/uploads\/2020\/05\/AislamientosIntermitentes-600x281.png 600w, https:\/\/icc.fcen.uba.ar\/wp-content\/uploads\/2020\/05\/AislamientosIntermitentes-768x360.png 768w, https:\/\/icc.fcen.uba.ar\/wp-content\/uploads\/2020\/05\/AislamientosIntermitentes-800x375.png 800w, https:\/\/icc.fcen.uba.ar\/wp-content\/uploads\/2020\/05\/AislamientosIntermitentes-1024x480.png 1024w, https:\/\/icc.fcen.uba.ar\/wp-content\/uploads\/2020\/05\/AislamientosIntermitentes.png 1152w\" data-sizes=\"auto\" data-orig-sizes=\"(max-width: 474px) 100vw, 474px\" \/><\/span><\/p>\n<p><span style=\"font-weight: 400;\">Un posible abordaje ante la pandemia, recurriendo a esta herramienta, es la experimentaci\u00f3n con estrategias intermitentes de mitigaci\u00f3n y supresi\u00f3n, es decir, aplicar aislamientos programados de diferentes intensidades durante ventanas de tiempo m\u00e1s o menos regulares y predecibles. De este modo, se busca compatibilizar el cuidado sanitario con ciertos niveles de reactivaci\u00f3n econ\u00f3mica.<\/span><\/p>\n<p><span style=\"font-weight: 400;\">\u201c<\/span><i><span style=\"font-weight: 400;\">Mediante una familia de modelos se podr\u00e1 informar cu\u00e1les combinaciones de medidas resultan ser las m\u00e1s eficientes en diferentes momentos de la curva de la epidemia, ayudando a complementar las medidas tomadas a nivel nacional, provincial y municipa<\/span><\/i><span style=\"font-weight: 400;\">l\u201d, explica Castro. Al mismo tiempo, la herramienta ser\u00eda clave para informar la implementaci\u00f3n de pol\u00edticas p\u00fablicas a partir de las proyecciones en el corto, mediano y largo plazo de la evoluci\u00f3n del Coronavirus y de los requerimientos por parte de los responsables de toma de decisiones en el sistema sanitario. Adem\u00e1s, los investigadores podr\u00e1n capacitar a los tomadores de decisiones como usuarios de la plataforma y mejorar din\u00e1micamente (y con participaci\u00f3n de estos actores) los resultados.<\/span><\/p>\n<p><span style=\"font-weight: 400;\">Si bien en este proyecto financiado se proponen los primeros resultados a los 2 meses (de un total de 12), hace ya casi el mismo tiempo que los cient\u00edficos del ICC est\u00e1n trabajando a tiempo completo, con lo cual ya cuentan con resultados que han puesto a disposici\u00f3n de las administraciones p\u00fablicas.<\/span><\/p>\n<div id=\"attachment_1854\" style=\"width: 248px\"  class=\"wp-caption alignleft\"><img decoding=\"async\" class=\"lazyload wp-image-1854\" src=\"https:\/\/icc.fcen.uba.ar\/wp-content\/uploads\/2020\/05\/RodrigoCastro-300x297.jpg\" data-orig-src=\"https:\/\/icc.fcen.uba.ar\/wp-content\/uploads\/2020\/05\/RodrigoCastro-300x297.jpg\" alt=\"\" width=\"238\" height=\"236\" srcset=\"data:image\/svg+xml,%3Csvg%20xmlns%3D%27http%3A%2F%2Fwww.w3.org%2F2000%2Fsvg%27%20width%3D%27238%27%20height%3D%27236%27%20viewBox%3D%270%200%20238%20236%27%3E%3Crect%20width%3D%27238%27%20height%3D%27236%27%20fill-opacity%3D%220%22%2F%3E%3C%2Fsvg%3E\" data-srcset=\"https:\/\/icc.fcen.uba.ar\/wp-content\/uploads\/2020\/05\/RodrigoCastro-66x66.jpg 66w, https:\/\/icc.fcen.uba.ar\/wp-content\/uploads\/2020\/05\/RodrigoCastro-150x150.jpg 150w, https:\/\/icc.fcen.uba.ar\/wp-content\/uploads\/2020\/05\/RodrigoCastro-200x198.jpg 200w, https:\/\/icc.fcen.uba.ar\/wp-content\/uploads\/2020\/05\/RodrigoCastro-300x297.jpg 300w, https:\/\/icc.fcen.uba.ar\/wp-content\/uploads\/2020\/05\/RodrigoCastro-400x396.jpg 400w, https:\/\/icc.fcen.uba.ar\/wp-content\/uploads\/2020\/05\/RodrigoCastro-600x594.jpg 600w, https:\/\/icc.fcen.uba.ar\/wp-content\/uploads\/2020\/05\/RodrigoCastro-768x761.jpg 768w, https:\/\/icc.fcen.uba.ar\/wp-content\/uploads\/2020\/05\/RodrigoCastro-800x792.jpg 800w, https:\/\/icc.fcen.uba.ar\/wp-content\/uploads\/2020\/05\/RodrigoCastro-1024x1014.jpg 1024w, https:\/\/icc.fcen.uba.ar\/wp-content\/uploads\/2020\/05\/RodrigoCastro-1200x1189.jpg 1200w, https:\/\/icc.fcen.uba.ar\/wp-content\/uploads\/2020\/05\/RodrigoCastro-1536x1522.jpg 1536w\" data-sizes=\"auto\" data-orig-sizes=\"(max-width: 238px) 100vw, 238px\" \/><p class=\"wp-caption-text\">Rodrigo Castro<\/p><\/div>\n<p><span style=\"font-weight: 400;\">Ante la consulta de por qu\u00e9 decidieron orientarse a trabajar en COVID-19, el investigador del ICC comenta que en el Laboratorio se dedican \u201c<\/span><i><span style=\"font-weight: 400;\">a investigar y desarrollar nuevas herramientas y metodolog\u00edas que faciliten el modelado matem\u00e1tico para estudios de simulaci\u00f3n<\/span><\/i><span style=\"font-weight: 400;\">\u201d. Esto implica dominar un abanico de herramientas que abarcan desde la escala microsc\u00f3pica (por ejemplo para simular interacci\u00f3n entre personas contagi\u00e1ndose la enfermedad), mesosc\u00f3pica (por ejemplo para simular flujos promedio de movilidad entre barrios de una ciudad en escenarios con\/sin medidas de aislamiento) o macrosc\u00f3pica (por ejemplo para simular la din\u00e1mica agregada de toda una poblaci\u00f3n en t\u00e9rminos de susceptibles, expuestos, infectados, hospitalizados, recuperados y fallecidos, incluso distinguidos por cohorte). \u201c<\/span><i><span style=\"font-weight: 400;\">Combinando estas escalas, adem\u00e1s, componemos modelos h\u00edbridos, que combinan eventos discretos, tiempo discreto, y sistemas continuos, tanto estoc\u00e1sticos como deterministas<\/span><\/i><span style=\"font-weight: 400;\">\u201d, puntualiza Castro, quien se\u00f1ala que la irrupci\u00f3n de preguntas sobre la pandemia y la necesidad de responderlas hizo que no duden en abocarse a ayudar desde el \u00e1mbito cient\u00edfico-tecnol\u00f3gico.<\/span><\/p>\n<p><span style=\"font-weight: 400;\">\u00a0<\/span><span style=\"font-weight: 400;\">Cabe recalcar que de manera paralela otros investigadores e investigadoras de la Facultad de Ciencias Exactas y Naturales (FCEyN) tuvieron iniciativas similares, de modo que desde el Departamento de Computaci\u00f3n y el ICC decidieron sumarse para integrar un grupo amplio de m\u00e1s de 50 cient\u00edficos de FCEyN (matem\u00e1ticos, computadores, estad\u00edsticos) coordinados entre el DC\/ICC y el Instituto de C\u00e1lculo (IC), incluyendo a colegas del Departamento de Matem\u00e1tica y de las universidades UNSAM, UNGS, UNQ y UNR. El proyecto financiado se suma a otros esfuerzos en curso dentro de este marco, donde ya han avanzado en interacci\u00f3n con algunas administraciones p\u00fablicas.<\/span><\/p>\n<p><b>M\u00e1s informaci\u00f3n en los medios:<\/b><\/p>\n<p><span style=\"font-weight: 400;\">Nota en La Naci\u00f3n (22\/4\/20)<\/span><\/p>\n<p><a href=\"https:\/\/www.lanacion.com.ar\/ciencia\/coronavirus-que-pronostican-matematicos-pico-pandemia-argentina-nid2356591?fbclid=IwAR0A5s7WUrX-siuz-Y-ff-xN-PxuwnN_vbHOq3eXIpCxDgLlenyMpQyD42A\" target=\"blank\" rel=\"noopener noreferrer\"><span style=\"font-weight: 400;\">https:\/\/www.lanacion.com.ar\/ciencia\/coronavirus-que-pronostican-matematicos-pico-pandemia-argentina-nid2356591?fbclid=IwAR0A5s7WUrX-siuz-Y-ff-xN-PxuwnN_vbHOq3eXIpCxDgLlenyMpQyD42A<\/span><\/a><\/p>\n<p><span style=\"font-weight: 400;\">Nota en CNN Radio Argentina (25\/4\/20)<\/span><\/p>\n<p><a href=\"https:\/\/radiocut.fm\/audiocut\/metodos-simulacion-para-evaluar-posibles-escenarios-del-coronavirus\/?fbclid=IwAR1Q66WbtJyUNk2QPnx5Z-vOqjexfU6nknQ7ZRDN14KysTH0VwHBJg1MnKk\" target=\"blank\" rel=\"noopener noreferrer\"><span style=\"font-weight: 400;\">https:\/\/radiocut.fm\/audiocut\/metodos-simulacion-para-evaluar-posibles-escenarios-del-coronavirus\/?fbclid=IwAR1Q66WbtJyUNk2QPnx5Z-vOqjexfU6nknQ7ZRDN14KysTH0VwHBJg1MnKk<\/span><\/a><\/p>\n<p><span style=\"font-weight: 400;\">Nota en Infobae (2\/5\/20)<\/span><\/p>\n<p><a href=\"https:\/\/www.infobae.com\/coronavirus\/2020\/05\/02\/quienes-son-los-64-cientificos-argentinos-elegidos-para-financiar-sus-investigaciones-sobre-covid-19\/\" target=\"blank\" rel=\"noopener noreferrer\"><span style=\"font-weight: 400;\">https:\/\/www.infobae.com\/coronavirus\/2020\/05\/02\/quienes-son-los-64-cientificos-argentinos-elegidos-para-financiar-sus-investigaciones-sobre-covid-19\/<\/span><\/a><\/p>\n<p><span style=\"font-weight: 400;\">Charla en el Coloquio de Matem\u00e1tica-FCEyN-UBA (6\/5\/20)<\/span><span style=\"font-weight: 400;\"><br \/>\n<\/span><a href=\"https:\/\/youtu.be\/hSLpz4kAIZw?t=3462\" target=\"blank\" rel=\"noopener noreferrer\"><span style=\"font-weight: 400;\">https:\/\/youtu.be\/hSLpz4kAIZw?t=3462<\/span><\/a><\/p>\n<\/div><div class=\"fusion-clearfix\"><\/div><\/div><\/div><\/div><\/div>\n","protected":false},"excerpt":{"rendered":"<p>Un proyecto de investigadores del ICC fue seleccionado para su financiamiento a trav\u00e9s de una convocatoria de la Agencia de Promoci\u00f3n de la Investigaci\u00f3n, el Desarrollo Tecnol\u00f3gico y la Innovaci\u00f3n.<\/p>\n","protected":false},"author":9,"featured_media":1855,"comment_status":"open","ping_status":"open","sticky":false,"template":"","format":"standard","meta":{"footnotes":""},"categories":[71,4],"tags":[],"class_list":["post-1852","post","type-post","status-publish","format-standard","has-post-thumbnail","hentry","category-actualidad","category-premios"],"_links":{"self":[{"href":"https:\/\/icc.fcen.uba.ar\/en\/wp-json\/wp\/v2\/posts\/1852","targetHints":{"allow":["GET"]}}],"collection":[{"href":"https:\/\/icc.fcen.uba.ar\/en\/wp-json\/wp\/v2\/posts"}],"about":[{"href":"https:\/\/icc.fcen.uba.ar\/en\/wp-json\/wp\/v2\/types\/post"}],"author":[{"embeddable":true,"href":"https:\/\/icc.fcen.uba.ar\/en\/wp-json\/wp\/v2\/users\/9"}],"replies":[{"embeddable":true,"href":"https:\/\/icc.fcen.uba.ar\/en\/wp-json\/wp\/v2\/comments?post=1852"}],"version-history":[{"count":4,"href":"https:\/\/icc.fcen.uba.ar\/en\/wp-json\/wp\/v2\/posts\/1852\/revisions"}],"predecessor-version":[{"id":1859,"href":"https:\/\/icc.fcen.uba.ar\/en\/wp-json\/wp\/v2\/posts\/1852\/revisions\/1859"}],"wp:featuredmedia":[{"embeddable":true,"href":"https:\/\/icc.fcen.uba.ar\/en\/wp-json\/wp\/v2\/media\/1855"}],"wp:attachment":[{"href":"https:\/\/icc.fcen.uba.ar\/en\/wp-json\/wp\/v2\/media?parent=1852"}],"wp:term":[{"taxonomy":"category","embeddable":true,"href":"https:\/\/icc.fcen.uba.ar\/en\/wp-json\/wp\/v2\/categories?post=1852"},{"taxonomy":"post_tag","embeddable":true,"href":"https:\/\/icc.fcen.uba.ar\/en\/wp-json\/wp\/v2\/tags?post=1852"}],"curies":[{"name":"wp","href":"https:\/\/api.w.org\/{rel}","templated":true}]}}