{"id":1460,"date":"2017-03-20T16:18:38","date_gmt":"2017-03-20T19:18:38","guid":{"rendered":"https:\/\/icc.fcen.uba.ar\/?p=1460"},"modified":"2019-02-01T10:54:53","modified_gmt":"2019-02-01T13:54:53","slug":"dia-de-la-investigacion-en-ciencias-de-la-computacion","status":"publish","type":"post","link":"https:\/\/icc.fcen.uba.ar\/en\/dia-de-la-investigacion-en-ciencias-de-la-computacion\/","title":{"rendered":"D\u00eda de la Investigaci\u00f3n en Ciencias de la Computaci\u00f3n 2017"},"content":{"rendered":"<p><em><strong>El 13 de marzo de 2017 se llev\u00f3 a cabo en el Centro Cultural de la Ciencia (C3) el primer evento del D\u00eda de la Investigaci\u00f3n en Ciencias de la Computaci\u00f3n. Participaron 60 miembros del ICC, entre investigadores formados e investigadores en formaci\u00f3n.<\/strong><\/em><!--more--><\/p>\n<p>El primer evento del &#8220;D\u00eda de la Investigaci\u00f3n en Ciencias de la Computaci\u00f3n&#8221; se desarroll\u00f3 el lunes 13 de marzo en el C3. Fue una jornada donde se reunieron los investigadores formados e investigadores en formaci\u00f3n del Instituto UBA-CONICET de Investigaci\u00f3n en Ciencias de la Computaci\u00f3n (ICC) con el fin de compartir y comunicar internamente el estado actual y visi\u00f3n a futuro de la investigaci\u00f3n realizada en las distintas \u00e1reas de trabajo.<br \/>\nTambi\u00e9n se busc\u00f3 aumentar el grado de conocimiento de todos los miembros acerca de investigaciones que realizan colegas de otras \u00e1reas, facilitando la gestaci\u00f3n de nuevas ideas y proyectos interdisciplinarios. Participaron alrededor de 60 miembros del Instituto.<\/p>\n<p><img decoding=\"async\" class=\"lazyload alignleft wp-image-1462\" src=\"https:\/\/icc.fcen.uba.ar\/wp-content\/uploads\/2019\/01\/DIA-ICC-600x1067.jpg\" data-orig-src=\"https:\/\/icc.fcen.uba.ar\/wp-content\/uploads\/2019\/01\/DIA-ICC-600x1067.jpg\" alt=\"\" width=\"365\" height=\"649\" srcset=\"data:image\/svg+xml,%3Csvg%20xmlns%3D%27http%3A%2F%2Fwww.w3.org%2F2000%2Fsvg%27%20width%3D%27365%27%20height%3D%27649%27%20viewBox%3D%270%200%20365%20649%27%3E%3Crect%20width%3D%27365%27%20height%3D%27649%27%20fill-opacity%3D%220%22%2F%3E%3C%2Fsvg%3E\" data-srcset=\"https:\/\/icc.fcen.uba.ar\/wp-content\/uploads\/2019\/01\/DIA-ICC-169x300.jpg 169w, https:\/\/icc.fcen.uba.ar\/wp-content\/uploads\/2019\/01\/DIA-ICC-200x356.jpg 200w, https:\/\/icc.fcen.uba.ar\/wp-content\/uploads\/2019\/01\/DIA-ICC-400x711.jpg 400w, https:\/\/icc.fcen.uba.ar\/wp-content\/uploads\/2019\/01\/DIA-ICC-576x1024.jpg 576w, https:\/\/icc.fcen.uba.ar\/wp-content\/uploads\/2019\/01\/DIA-ICC-600x1067.jpg 600w, https:\/\/icc.fcen.uba.ar\/wp-content\/uploads\/2019\/01\/DIA-ICC-768x1365.jpg 768w, https:\/\/icc.fcen.uba.ar\/wp-content\/uploads\/2019\/01\/DIA-ICC-800x1422.jpg 800w, https:\/\/icc.fcen.uba.ar\/wp-content\/uploads\/2019\/01\/DIA-ICC-1200x2133.jpg 1200w\" data-sizes=\"auto\" data-orig-sizes=\"(max-width: 365px) 100vw, 365px\" \/><strong>Programa del evento<\/strong><\/p>\n<p>9:00\u00a0\u00a0\u00a0 Charla institucional de apertura<\/p>\n<p>9:20\u00a0\u00a0\u00a0 <strong>Daniel Acevedo:<\/strong> &#8220;Procesamiento de Im\u00e1genes y Visi\u00f3n Computacional&#8221;<\/p>\n<p>9:40\u00a0\u00a0\u00a0 <strong>Juan Pablo Galeotti:<\/strong> &#8220;Testing Para Todos &#8211; Creaci\u00f3n Automatizada de Casos de Test&#8221;<\/p>\n<p>10:00\u00a0 <strong>Fernando Schapachnik:<\/strong> &#8220;C\u00f3mo ense\u00f1arle a programar a a ni\u00f1xs y adolescentes&#8221;<\/p>\n<p>10:20\u00a0 Charlas ultra breves de becarios contando lo que hacen<\/p>\n<p>10:40\u00a0 Coffee Break (Incluye un &#8220;speed networking&#8221; entre grupos de becarios de distintas \u00e1reas, cont\u00e1ndose en pocos minutos sus temas de investigaci\u00f3n)<\/p>\n<p>11:20\u00a0 <strong>Juan E. Kamienkowski:<\/strong> &#8220;Neurophysiology of human natural behaviors&#8221;<\/p>\n<p>11:40\u00a0 <strong>Flavia Bonomo:<\/strong> &#8220;Teor\u00eda estructural de grafos y su aplicaci\u00f3n a algoritmos de optimizaci\u00f3n combinatoria&#8221;<\/p>\n<p>12:00\u00a0 <strong>Luciana Ferrer:<\/strong> &#8220;Extracci\u00f3n de Informaci\u00f3n en Se\u00f1ales de Audio&#8221;<\/p>\n<p>12:20\u00a0 Charlas ultra breves de becarios contando lo que hacen<\/p>\n<p>12:40\u00a0 Almuerzo<\/p>\n<p>14:00\u00a0 <strong>Pablo de Crist\u00f3foris:<\/strong> &#8220;I+D en el laboratorio de rob\u00f3tica y sistemas embebidos&#8221;<\/p>\n<p>14:20\u00a0 <strong>Rodrigo Castro:<\/strong> &#8220;Simulaci\u00f3n y control de sistemas complejos mediante modelos formales&#8221;<\/p>\n<p>14:40\u00a0 Debate<\/p>\n<p>15:00\u00a0 Palabras institucionales de despedida.<\/p>\n","protected":false},"excerpt":{"rendered":"<p>El 13 de marzo de 2017 se llev\u00f3 a cabo en el Centro Cultural de la Ciencia (C3) el primer evento del D\u00eda de la Investigaci\u00f3n en Ciencias de la Computaci\u00f3n. Participaron 60 miembros del ICC, entre investigadores formados e investigadores en formaci\u00f3n.<\/p>\n","protected":false},"author":3,"featured_media":1461,"comment_status":"open","ping_status":"open","sticky":false,"template":"","format":"standard","meta":{"footnotes":""},"categories":[71,7],"tags":[],"class_list":["post-1460","post","type-post","status-publish","format-standard","has-post-thumbnail","hentry","category-actualidad","category-eventos"],"_links":{"self":[{"href":"https:\/\/icc.fcen.uba.ar\/en\/wp-json\/wp\/v2\/posts\/1460","targetHints":{"allow":["GET"]}}],"collection":[{"href":"https:\/\/icc.fcen.uba.ar\/en\/wp-json\/wp\/v2\/posts"}],"about":[{"href":"https:\/\/icc.fcen.uba.ar\/en\/wp-json\/wp\/v2\/types\/post"}],"author":[{"embeddable":true,"href":"https:\/\/icc.fcen.uba.ar\/en\/wp-json\/wp\/v2\/users\/3"}],"replies":[{"embeddable":true,"href":"https:\/\/icc.fcen.uba.ar\/en\/wp-json\/wp\/v2\/comments?post=1460"}],"version-history":[{"count":7,"href":"https:\/\/icc.fcen.uba.ar\/en\/wp-json\/wp\/v2\/posts\/1460\/revisions"}],"predecessor-version":[{"id":1474,"href":"https:\/\/icc.fcen.uba.ar\/en\/wp-json\/wp\/v2\/posts\/1460\/revisions\/1474"}],"wp:featuredmedia":[{"embeddable":true,"href":"https:\/\/icc.fcen.uba.ar\/en\/wp-json\/wp\/v2\/media\/1461"}],"wp:attachment":[{"href":"https:\/\/icc.fcen.uba.ar\/en\/wp-json\/wp\/v2\/media?parent=1460"}],"wp:term":[{"taxonomy":"category","embeddable":true,"href":"https:\/\/icc.fcen.uba.ar\/en\/wp-json\/wp\/v2\/categories?post=1460"},{"taxonomy":"post_tag","embeddable":true,"href":"https:\/\/icc.fcen.uba.ar\/en\/wp-json\/wp\/v2\/tags?post=1460"}],"curies":[{"name":"wp","href":"https:\/\/api.w.org\/{rel}","templated":true}]}}